{"id":790,"date":"2026-01-21T14:18:36","date_gmt":"2026-01-21T13:18:36","guid":{"rendered":"https:\/\/www.magazinmacher.de\/?p=790"},"modified":"2026-01-21T14:39:02","modified_gmt":"2026-01-21T13:39:02","slug":"jochen-mass-a-racing-icon-eine-rennsportikone","status":"publish","type":"post","link":"https:\/\/www.magazinmacher.de\/index.php\/2026\/01\/21\/jochen-mass-a-racing-icon-eine-rennsportikone\/","title":{"rendered":"Jochen Mass: A racing icon\/Eine Rennsportikone"},"content":{"rendered":"\n<figure class=\"wp-block-image size-large\"><img loading=\"lazy\" decoding=\"async\" width=\"1024\" height=\"512\" src=\"https:\/\/www.magazinmacher.de\/wp-content\/uploads\/2026\/01\/32-33-1024x512.jpg\" alt=\"\" class=\"wp-image-799\" srcset=\"https:\/\/www.magazinmacher.de\/wp-content\/uploads\/2026\/01\/32-33-1024x512.jpg 1024w, https:\/\/www.magazinmacher.de\/wp-content\/uploads\/2026\/01\/32-33-300x150.jpg 300w, https:\/\/www.magazinmacher.de\/wp-content\/uploads\/2026\/01\/32-33-768x384.jpg 768w, https:\/\/www.magazinmacher.de\/wp-content\/uploads\/2026\/01\/32-33-816x408.jpg 816w, https:\/\/www.magazinmacher.de\/wp-content\/uploads\/2026\/01\/32-33-400x200.jpg 400w, https:\/\/www.magazinmacher.de\/wp-content\/uploads\/2026\/01\/32-33.jpg 1500w\" sizes=\"auto, (max-width: 1024px) 100vw, 1024px\" \/><\/figure>\n\n\n\n<p>Das gro\u00dfformatige Buch zeichnet die Geschichte des am 30. September 1946 im bayrischen Dorfen geborenen und in Mannheim aufgewachsenen Jochen Mass nach, der seine berufliche Laufbahn als Seemann bei der Handelsmarine begann. Ab 1968 fuhr er Tourenwagenrennen auf Fahrzeugen von Alfa Romeo und Ford \u2013 1971 fand er den Weg in den Formelsport.<\/p>\n\n\n\n<figure class=\"wp-block-image size-large\"><img loading=\"lazy\" decoding=\"async\" width=\"1024\" height=\"512\" src=\"https:\/\/www.magazinmacher.de\/wp-content\/uploads\/2026\/01\/52-53-1024x512.jpg\" alt=\"\" class=\"wp-image-800\" srcset=\"https:\/\/www.magazinmacher.de\/wp-content\/uploads\/2026\/01\/52-53-1024x512.jpg 1024w, https:\/\/www.magazinmacher.de\/wp-content\/uploads\/2026\/01\/52-53-300x150.jpg 300w, https:\/\/www.magazinmacher.de\/wp-content\/uploads\/2026\/01\/52-53-768x384.jpg 768w, https:\/\/www.magazinmacher.de\/wp-content\/uploads\/2026\/01\/52-53-816x408.jpg 816w, https:\/\/www.magazinmacher.de\/wp-content\/uploads\/2026\/01\/52-53-400x200.jpg 400w, https:\/\/www.magazinmacher.de\/wp-content\/uploads\/2026\/01\/52-53.jpg 1500w\" sizes=\"auto, (max-width: 1024px) 100vw, 1024px\" \/><\/figure>\n\n\n\n<figure class=\"wp-block-image size-large\"><img loading=\"lazy\" decoding=\"async\" width=\"1024\" height=\"512\" src=\"https:\/\/www.magazinmacher.de\/wp-content\/uploads\/2026\/01\/46-47-1024x512.jpg\" alt=\"\" class=\"wp-image-805\" srcset=\"https:\/\/www.magazinmacher.de\/wp-content\/uploads\/2026\/01\/46-47-1024x512.jpg 1024w, https:\/\/www.magazinmacher.de\/wp-content\/uploads\/2026\/01\/46-47-300x150.jpg 300w, https:\/\/www.magazinmacher.de\/wp-content\/uploads\/2026\/01\/46-47-768x384.jpg 768w, https:\/\/www.magazinmacher.de\/wp-content\/uploads\/2026\/01\/46-47-816x408.jpg 816w, https:\/\/www.magazinmacher.de\/wp-content\/uploads\/2026\/01\/46-47-400x200.jpg 400w, https:\/\/www.magazinmacher.de\/wp-content\/uploads\/2026\/01\/46-47.jpg 1500w\" sizes=\"auto, (max-width: 1024px) 100vw, 1024px\" \/><\/figure>\n\n\n\n<p>Nach seiner Formel 1-Karriere startete Mass in der Langstrecken-Weltmeisterschaft f\u00fcr Porsche. Einen seiner gr\u00f6\u00dften Erfolge erzielte er 1989 zusammen mit Manuel Reuter und Stanley Dickens auf einem Sauber-Mercedes durch den Gesamtsieg beim 24-Stunden-Rennen von Le Mans.<\/p>\n\n\n\n<figure class=\"wp-block-image size-large\"><img loading=\"lazy\" decoding=\"async\" width=\"1024\" height=\"512\" src=\"https:\/\/www.magazinmacher.de\/wp-content\/uploads\/2026\/01\/74-75-1024x512.jpg\" alt=\"\" class=\"wp-image-801\" srcset=\"https:\/\/www.magazinmacher.de\/wp-content\/uploads\/2026\/01\/74-75-1024x512.jpg 1024w, https:\/\/www.magazinmacher.de\/wp-content\/uploads\/2026\/01\/74-75-300x150.jpg 300w, https:\/\/www.magazinmacher.de\/wp-content\/uploads\/2026\/01\/74-75-768x384.jpg 768w, https:\/\/www.magazinmacher.de\/wp-content\/uploads\/2026\/01\/74-75-816x408.jpg 816w, https:\/\/www.magazinmacher.de\/wp-content\/uploads\/2026\/01\/74-75-400x200.jpg 400w, https:\/\/www.magazinmacher.de\/wp-content\/uploads\/2026\/01\/74-75.jpg 1500w\" sizes=\"auto, (max-width: 1024px) 100vw, 1024px\" \/><\/figure>\n\n\n\n<figure class=\"wp-block-image size-large\"><img loading=\"lazy\" decoding=\"async\" width=\"1024\" height=\"512\" src=\"https:\/\/www.magazinmacher.de\/wp-content\/uploads\/2026\/01\/82-83-1024x512.jpg\" alt=\"\" class=\"wp-image-803\" srcset=\"https:\/\/www.magazinmacher.de\/wp-content\/uploads\/2026\/01\/82-83-1024x512.jpg 1024w, https:\/\/www.magazinmacher.de\/wp-content\/uploads\/2026\/01\/82-83-300x150.jpg 300w, https:\/\/www.magazinmacher.de\/wp-content\/uploads\/2026\/01\/82-83-768x384.jpg 768w, https:\/\/www.magazinmacher.de\/wp-content\/uploads\/2026\/01\/82-83-816x408.jpg 816w, https:\/\/www.magazinmacher.de\/wp-content\/uploads\/2026\/01\/82-83-400x200.jpg 400w, https:\/\/www.magazinmacher.de\/wp-content\/uploads\/2026\/01\/82-83.jpg 1500w\" sizes=\"auto, (max-width: 1024px) 100vw, 1024px\" \/><\/figure>\n\n\n\n<figure class=\"wp-block-image size-large\"><img loading=\"lazy\" decoding=\"async\" width=\"1024\" height=\"512\" src=\"https:\/\/www.magazinmacher.de\/wp-content\/uploads\/2026\/01\/160-161-1024x512.jpg\" alt=\"\" class=\"wp-image-804\" srcset=\"https:\/\/www.magazinmacher.de\/wp-content\/uploads\/2026\/01\/160-161-1024x512.jpg 1024w, https:\/\/www.magazinmacher.de\/wp-content\/uploads\/2026\/01\/160-161-300x150.jpg 300w, https:\/\/www.magazinmacher.de\/wp-content\/uploads\/2026\/01\/160-161-768x384.jpg 768w, https:\/\/www.magazinmacher.de\/wp-content\/uploads\/2026\/01\/160-161-816x408.jpg 816w, https:\/\/www.magazinmacher.de\/wp-content\/uploads\/2026\/01\/160-161-400x200.jpg 400w, https:\/\/www.magazinmacher.de\/wp-content\/uploads\/2026\/01\/160-161.jpg 1500w\" sizes=\"auto, (max-width: 1024px) 100vw, 1024px\" \/><\/figure>\n\n\n\n<p>Auch nach seiner aktiven Karriere war Jochen Mass regelm\u00e4\u00dfig bei historischen Rennveranstaltungen zu sehen, wo er klassische Fahrzeuge von Porsche und Mercedes pilotierte. Zudem blieb Jochen Mass der Motorsportszene als Kommentator, Berater und Zeitzeuge eng verbunden. Jochen Mass verstarb am 4. Mai 2025 im s\u00fcdfranz\u00f6sischen Cannes.<\/p>\n\n\n\n<figure class=\"wp-block-image size-large\"><img loading=\"lazy\" decoding=\"async\" width=\"1024\" height=\"512\" src=\"https:\/\/www.magazinmacher.de\/wp-content\/uploads\/2026\/01\/98-99-1024x512.jpg\" alt=\"\" class=\"wp-image-806\" srcset=\"https:\/\/www.magazinmacher.de\/wp-content\/uploads\/2026\/01\/98-99-1024x512.jpg 1024w, https:\/\/www.magazinmacher.de\/wp-content\/uploads\/2026\/01\/98-99-300x150.jpg 300w, https:\/\/www.magazinmacher.de\/wp-content\/uploads\/2026\/01\/98-99-768x384.jpg 768w, https:\/\/www.magazinmacher.de\/wp-content\/uploads\/2026\/01\/98-99-816x408.jpg 816w, https:\/\/www.magazinmacher.de\/wp-content\/uploads\/2026\/01\/98-99-400x200.jpg 400w, https:\/\/www.magazinmacher.de\/wp-content\/uploads\/2026\/01\/98-99.jpg 1500w\" sizes=\"auto, (max-width: 1024px) 100vw, 1024px\" \/><\/figure>\n\n\n\n<figure class=\"wp-block-image size-large\"><img loading=\"lazy\" decoding=\"async\" width=\"1024\" height=\"512\" src=\"https:\/\/www.magazinmacher.de\/wp-content\/uploads\/2026\/01\/208-209-1024x512.jpg\" alt=\"\" class=\"wp-image-807\" srcset=\"https:\/\/www.magazinmacher.de\/wp-content\/uploads\/2026\/01\/208-209-1024x512.jpg 1024w, https:\/\/www.magazinmacher.de\/wp-content\/uploads\/2026\/01\/208-209-300x150.jpg 300w, https:\/\/www.magazinmacher.de\/wp-content\/uploads\/2026\/01\/208-209-768x384.jpg 768w, https:\/\/www.magazinmacher.de\/wp-content\/uploads\/2026\/01\/208-209-816x408.jpg 816w, https:\/\/www.magazinmacher.de\/wp-content\/uploads\/2026\/01\/208-209-400x200.jpg 400w, https:\/\/www.magazinmacher.de\/wp-content\/uploads\/2026\/01\/208-209.jpg 1500w\" sizes=\"auto, (max-width: 1024px) 100vw, 1024px\" \/><\/figure>\n\n\n\n<figure class=\"wp-block-image size-large\"><img loading=\"lazy\" decoding=\"async\" width=\"1024\" height=\"512\" src=\"https:\/\/www.magazinmacher.de\/wp-content\/uploads\/2026\/01\/226-227-1024x512.jpg\" alt=\"\" class=\"wp-image-808\" srcset=\"https:\/\/www.magazinmacher.de\/wp-content\/uploads\/2026\/01\/226-227-1024x512.jpg 1024w, https:\/\/www.magazinmacher.de\/wp-content\/uploads\/2026\/01\/226-227-300x150.jpg 300w, https:\/\/www.magazinmacher.de\/wp-content\/uploads\/2026\/01\/226-227-768x384.jpg 768w, https:\/\/www.magazinmacher.de\/wp-content\/uploads\/2026\/01\/226-227-816x408.jpg 816w, https:\/\/www.magazinmacher.de\/wp-content\/uploads\/2026\/01\/226-227-400x200.jpg 400w, https:\/\/www.magazinmacher.de\/wp-content\/uploads\/2026\/01\/226-227.jpg 1500w\" sizes=\"auto, (max-width: 1024px) 100vw, 1024px\" \/><\/figure>\n\n\n\n<p>Die beiden Formel 1-Reporter-Legenden Achim Schlang und Hartmut Lehbrink sowie der bekannte Motorsport-Fotograf Ferdi Kr\u00e4ling haben zusammen mit J\u00f6rg-Thomas F\u00f6disch, Nils Ruwisch sowie Rainer Rossbach&nbsp;in der prova edition&nbsp;den Bildband&nbsp;<strong>\u201eJochen Mass \u2013Eine deutsche Rennsport-Ikone\u201c<\/strong>&nbsp;ver\u00f6ffentlicht.&nbsp;Neben den Motiven der Bildagentur Kr\u00e4ling stammen weitere Aufnahmen aus dem Archiv von Bernard und Paul-Henri Cahier, aus den Sammlungen von Nils Ruwisch, Prof. Dr. Peter Schroeder, Franz Turnwald, Willi Weber, Bj\u00f6rn Schlichting, Manfred Kistermann, Helmut Wittwer, Jochen von Osterroth sowie aus der Kollektion der Familie Mass.&nbsp;Das Vorwort schrieb Hans-Joachim Stuck.&nbsp;Rainer Ro\u00dfbach hat das Buch gestaltet.<\/p>\n\n\n\n<p><strong><em>Jochen Mass: Eine Rennsportikone<\/em><br><em>Deutscher und englischer Text. 264 Seiten. 311 Fotos.&nbsp;<\/em><br><em>Format ca. 29,7 x 29,7 cm. Gebunden mit Hardback.<\/em><br>ISBN 978-3-9825637-4-9&nbsp;<br><em>Vertrieb: Inter Media Distribution (IMD<\/em><br><em>Im Grund 36<\/em><br><em>D-51588 N\u00fcmbrecht-Bierenbachtal<\/em><br><em>Tel.: 0 22 93&nbsp; \u2013&nbsp; 90 20 58<\/em><br><em>Email:&nbsp; &nbsp;imd@imd-motorsport.de<\/em><\/strong><\/p>\n","protected":false},"excerpt":{"rendered":"<p>Das gro\u00dfformatige Buch zeichnet die Geschichte des am 30. September 1946 im bayrischen Dorfen geborenen und in Mannheim aufgewachsenen Jochen Mass nach, der seine berufliche Laufbahn als Seemann bei der Handelsmarine begann. Ab 1968 fuhr er Tourenwagenrennen auf Fahrzeugen von Alfa Romeo und Ford \u2013 1971 fand er den Weg in den Formelsport.<\/p>\n","protected":false},"author":2,"featured_media":798,"comment_status":"closed","ping_status":"closed","sticky":false,"template":"","format":"standard","meta":{"footnotes":""},"categories":[3,11,8,7],"tags":[],"class_list":["post-790","post","type-post","status-publish","format-standard","has-post-thumbnail","hentry","category-buchgestaltung","category-druckvorstufe","category-konzept","category-umschlaggestaltung"],"_links":{"self":[{"href":"https:\/\/www.magazinmacher.de\/index.php\/wp-json\/wp\/v2\/posts\/790","targetHints":{"allow":["GET"]}}],"collection":[{"href":"https:\/\/www.magazinmacher.de\/index.php\/wp-json\/wp\/v2\/posts"}],"about":[{"href":"https:\/\/www.magazinmacher.de\/index.php\/wp-json\/wp\/v2\/types\/post"}],"author":[{"embeddable":true,"href":"https:\/\/www.magazinmacher.de\/index.php\/wp-json\/wp\/v2\/users\/2"}],"replies":[{"embeddable":true,"href":"https:\/\/www.magazinmacher.de\/index.php\/wp-json\/wp\/v2\/comments?post=790"}],"version-history":[{"count":6,"href":"https:\/\/www.magazinmacher.de\/index.php\/wp-json\/wp\/v2\/posts\/790\/revisions"}],"predecessor-version":[{"id":809,"href":"https:\/\/www.magazinmacher.de\/index.php\/wp-json\/wp\/v2\/posts\/790\/revisions\/809"}],"wp:featuredmedia":[{"embeddable":true,"href":"https:\/\/www.magazinmacher.de\/index.php\/wp-json\/wp\/v2\/media\/798"}],"wp:attachment":[{"href":"https:\/\/www.magazinmacher.de\/index.php\/wp-json\/wp\/v2\/media?parent=790"}],"wp:term":[{"taxonomy":"category","embeddable":true,"href":"https:\/\/www.magazinmacher.de\/index.php\/wp-json\/wp\/v2\/categories?post=790"},{"taxonomy":"post_tag","embeddable":true,"href":"https:\/\/www.magazinmacher.de\/index.php\/wp-json\/wp\/v2\/tags?post=790"}],"curies":[{"name":"wp","href":"https:\/\/api.w.org\/{rel}","templated":true}]}}